{"id":560,"date":"2025-08-18T12:31:09","date_gmt":"2025-08-18T10:31:09","guid":{"rendered":"https:\/\/pharmaciethomaslecouf.fr\/?p=560"},"modified":"2025-08-18T12:31:09","modified_gmt":"2025-08-18T10:31:09","slug":"beauterra-lhygiene-et-le-soin-inspires-de-la-nature","status":"publish","type":"post","link":"https:\/\/pharmaciethomaslecouf.fr\/?p=560","title":{"rendered":"Beauterra : l\u2019hygi\u00e8ne et le soin inspir\u00e9s de la nature"},"content":{"rendered":"<blockquote>\n<p style=\"text-align: center;\" data-start=\"252\" data-end=\"657\">En pharmacie, je remarque que de plus en plus de patients recherchent des produits d\u2019hygi\u00e8ne et de soin \u00e0 la fois efficaces, sensoriels et respectueux de la peau. Parmi les marques que je recommande r\u00e9guli\u00e8rement, Beauterra occupe une place particuli\u00e8re. Elle propose une large gamme de gels douche, cr\u00e8mes et soins du quotidien qui allient naturalit\u00e9, plaisir d\u2019utilisation et tol\u00e9rance dermatologique.<\/p>\n<\/blockquote>\n<h4 data-start=\"659\" data-end=\"708\">Une marque fran\u00e7aise inspir\u00e9e de la nature<\/h4>\n<p data-start=\"709\" data-end=\"1120\">Beauterra est une marque fran\u00e7aise qui s\u2019inspire de la richesse des ingr\u00e9dients naturels pour d\u00e9velopper ses formules. Elle s\u2019est notamment fait conna\u00eetre gr\u00e2ce \u00e0 ses gels douche au format g\u00e9n\u00e9reux, formul\u00e9s avec des bases lavantes douces et des parfums agr\u00e9ables, sans agresser la peau. Les produits Beauterra privil\u00e9gient les ingr\u00e9dients d\u2019origine naturelle et sont con\u00e7us pour respecter l\u2019\u00e9quilibre cutan\u00e9.<\/p>\n<h4 data-start=\"1122\" data-end=\"1165\">Des soins adapt\u00e9s \u00e0 toute la famille<\/h4>\n<p data-start=\"1166\" data-end=\"1537\">Ce que j\u2019appr\u00e9cie dans la gamme Beauterra, c\u2019est qu\u2019elle s\u2019adresse \u00e0 un large public. Les gels douche conviennent \u00e0 toute la famille, gr\u00e2ce \u00e0 leurs formules douces, sans parab\u00e8nes ni tensioactifs agressifs. Les cr\u00e8mes corps et mains apportent, quant \u00e0 elles, une hydratation efficace et un confort imm\u00e9diat, particuli\u00e8rement appr\u00e9ci\u00e9s en hiver ou pour les peaux s\u00e8ches.<\/p>\n<p data-start=\"1539\" data-end=\"1823\">Les parfums sont vari\u00e9s et plaisent aussi bien aux adultes qu\u2019aux enfants. On trouve par exemple des gels douche \u00e0 l\u2019amande, au th\u00e9 vert, \u00e0 la fleur d\u2019oranger ou encore au mono\u00ef. Chaque utilisation devient ainsi un moment de bien-\u00eatre et de d\u00e9tente, tout en prenant soin de sa peau.<\/p>\n<h4 data-start=\"1825\" data-end=\"1857\">Un engagement responsable<\/h4>\n<p data-start=\"1858\" data-end=\"2187\">Beauterra s\u2019inscrit \u00e9galement dans une d\u00e9marche responsable : ses packagings sont souvent propos\u00e9s en formats familiaux, pratiques et \u00e9conomiques, ce qui limite les d\u00e9chets. Les formules privil\u00e9gient les ingr\u00e9dients biod\u00e9gradables et respectueux de l\u2019environnement, une valeur qui compte de plus en plus pour les consommateurs.<\/p>\n<h4 data-start=\"2189\" data-end=\"2221\">Mon conseil de pharmacien<\/h4>\n<p data-start=\"2222\" data-end=\"2310\">Si vous souhaitez d\u00e9couvrir la marque, je conseille de commencer par deux essentiels :<\/p>\n<ol data-start=\"2311\" data-end=\"2523\">\n<li data-start=\"2311\" data-end=\"2411\">\n<p data-start=\"2314\" data-end=\"2411\">Le gel douche surgras, parfait pour nettoyer en douceur tout en prot\u00e9geant les peaux sensibles.<\/p>\n<\/li>\n<li data-start=\"2412\" data-end=\"2523\">\n<p data-start=\"2415\" data-end=\"2523\">La cr\u00e8me nourrissante pour le corps, id\u00e9ale pour restaurer l\u2019hydratation et apporter confort au quotidien.<\/p>\n<\/li>\n<\/ol>\n<p data-start=\"2525\" data-end=\"2860\">En r\u00e9sum\u00e9, Beauterra est une marque qui transforme les gestes d\u2019hygi\u00e8ne quotidiens en v\u00e9ritables moments de soin et de plaisir. Elle allie naturalit\u00e9, efficacit\u00e9 et accessibilit\u00e9, ce qui en fait une gamme que je recommande volontiers \u00e0 mes patients \u00e0 la recherche de produits \u00e0 la fois simples, agr\u00e9ables et respectueux de leur peau.<\/p>\n","protected":false},"excerpt":{"rendered":"<p>En pharmacie, je remarque que de plus en plus de patients recherchent des produits d\u2019hygi\u00e8ne et de soin \u00e0 la fois efficaces, sensoriels et respectueux de la peau. Parmi les marques que je recommande r\u00e9guli\u00e8rement, Beauterra occupe une place particuli\u00e8re. Elle propose une large gamme de gels douche, cr\u00e8mes et soins du quotidien qui allient [&hellip;]<\/p>\n","protected":false},"author":1,"featured_media":561,"comment_status":"open","ping_status":"open","sticky":false,"template":"","format":"standard","meta":{"_et_pb_use_builder":"","_et_pb_old_content":"","_et_gb_content_width":"","_jetpack_memberships_contains_paid_content":false,"footnotes":""},"categories":[8,6],"tags":[],"class_list":["post-560","post","type-post","status-publish","format-standard","has-post-thumbnail","hentry","category-divers","category-naturel"],"jetpack_featured_media_url":"https:\/\/pharmaciethomaslecouf.fr\/wp-content\/uploads\/2025\/08\/Presentation.jpg","jetpack_sharing_enabled":true,"_links":{"self":[{"href":"https:\/\/pharmaciethomaslecouf.fr\/index.php?rest_route=\/wp\/v2\/posts\/560","targetHints":{"allow":["GET"]}}],"collection":[{"href":"https:\/\/pharmaciethomaslecouf.fr\/index.php?rest_route=\/wp\/v2\/posts"}],"about":[{"href":"https:\/\/pharmaciethomaslecouf.fr\/index.php?rest_route=\/wp\/v2\/types\/post"}],"author":[{"embeddable":true,"href":"https:\/\/pharmaciethomaslecouf.fr\/index.php?rest_route=\/wp\/v2\/users\/1"}],"replies":[{"embeddable":true,"href":"https:\/\/pharmaciethomaslecouf.fr\/index.php?rest_route=%2Fwp%2Fv2%2Fcomments&post=560"}],"version-history":[{"count":1,"href":"https:\/\/pharmaciethomaslecouf.fr\/index.php?rest_route=\/wp\/v2\/posts\/560\/revisions"}],"predecessor-version":[{"id":562,"href":"https:\/\/pharmaciethomaslecouf.fr\/index.php?rest_route=\/wp\/v2\/posts\/560\/revisions\/562"}],"wp:featuredmedia":[{"embeddable":true,"href":"https:\/\/pharmaciethomaslecouf.fr\/index.php?rest_route=\/wp\/v2\/media\/561"}],"wp:attachment":[{"href":"https:\/\/pharmaciethomaslecouf.fr\/index.php?rest_route=%2Fwp%2Fv2%2Fmedia&parent=560"}],"wp:term":[{"taxonomy":"category","embeddable":true,"href":"https:\/\/pharmaciethomaslecouf.fr\/index.php?rest_route=%2Fwp%2Fv2%2Fcategories&post=560"},{"taxonomy":"post_tag","embeddable":true,"href":"https:\/\/pharmaciethomaslecouf.fr\/index.php?rest_route=%2Fwp%2Fv2%2Ftags&post=560"}],"curies":[{"name":"wp","href":"https:\/\/api.w.org\/{rel}","templated":true}]}}